{"id":4320,"date":"2019-11-19T11:54:00","date_gmt":"2019-11-19T11:54:00","guid":{"rendered":"https:\/\/www.escenanavarra.com\/nace-esna-organizacion-empresarial-asociacion\/"},"modified":"2022-09-14T06:11:56","modified_gmt":"2022-09-14T06:11:56","slug":"nace-esna-organizacion-empresarial-asociacion","status":"publish","type":"post","link":"https:\/\/www.escenanavarra.com\/eu\/nace-esna-organizacion-empresarial-asociacion\/","title":{"rendered":"Nace Escena Navarra | Nafarroa Eszena"},"content":{"rendered":"\n<p>En Noviembre de 2019 se constituye en Pamplona (Navarra) la asociaci\u00f3n empresarial sin \u00e1nimo de lucro &#8220;<strong>ESCENA NAVARRA -NAFARROA ESZENA<\/strong>&#8221; <strong>Empresas de Producci\u00f3n Esc\u00e9nica Asociadas de Navarra &#8211; Nafarroako Ekoizpen Enpresa Elkartua<\/strong> (ESNA), de empresas radicadas en la Comunidad Foral de Navarra con actividad profesional de Producci\u00f3n privada de espect\u00e1culos y Artes esc\u00e9nicas.<\/p>\n","protected":false},"excerpt":{"rendered":"<p>En Noviembre de 2019 se constituye en Pamplona (Navarra) la asociaci\u00f3n empresarial sin \u00e1nimo de lucro &#8220;ESCENA NAVARRA -NAFARROA ESZENA&#8221; Empresas de Producci\u00f3n Esc\u00e9nica Asociadas de Navarra &#8211; Nafarroako Ekoizpen Enpresa Elkartua (ESNA), de empresas radicadas en la Comunidad Foral de Navarra con actividad profesional de Producci\u00f3n privada de espect\u00e1culos y Artes esc\u00e9nicas.<\/p>\n","protected":false},"author":2,"featured_media":4105,"comment_status":"closed","ping_status":"closed","sticky":false,"template":"","format":"standard","meta":{"footnotes":""},"categories":[31],"tags":[35,36,37],"_links":{"self":[{"href":"https:\/\/www.escenanavarra.com\/eu\/wp-json\/wp\/v2\/posts\/4320"}],"collection":[{"href":"https:\/\/www.escenanavarra.com\/eu\/wp-json\/wp\/v2\/posts"}],"about":[{"href":"https:\/\/www.escenanavarra.com\/eu\/wp-json\/wp\/v2\/types\/post"}],"author":[{"embeddable":true,"href":"https:\/\/www.escenanavarra.com\/eu\/wp-json\/wp\/v2\/users\/2"}],"replies":[{"embeddable":true,"href":"https:\/\/www.escenanavarra.com\/eu\/wp-json\/wp\/v2\/comments?post=4320"}],"version-history":[{"count":1,"href":"https:\/\/www.escenanavarra.com\/eu\/wp-json\/wp\/v2\/posts\/4320\/revisions"}],"predecessor-version":[{"id":4808,"href":"https:\/\/www.escenanavarra.com\/eu\/wp-json\/wp\/v2\/posts\/4320\/revisions\/4808"}],"wp:featuredmedia":[{"embeddable":true,"href":"https:\/\/www.escenanavarra.com\/eu\/wp-json\/wp\/v2\/media\/4105"}],"wp:attachment":[{"href":"https:\/\/www.escenanavarra.com\/eu\/wp-json\/wp\/v2\/media?parent=4320"}],"wp:term":[{"taxonomy":"category","embeddable":true,"href":"https:\/\/www.escenanavarra.com\/eu\/wp-json\/wp\/v2\/categories?post=4320"},{"taxonomy":"post_tag","embeddable":true,"href":"https:\/\/www.escenanavarra.com\/eu\/wp-json\/wp\/v2\/tags?post=4320"}],"curies":[{"name":"wp","href":"https:\/\/api.w.org\/{rel}","templated":true}]}}